{"id":184,"date":"2024-08-11T10:59:08","date_gmt":"2024-08-11T10:59:08","guid":{"rendered":"https:\/\/stiftung.saxonia.ro\/?p=184"},"modified":"2026-04-14T07:16:17","modified_gmt":"2026-04-14T07:16:17","slug":"sustinerea-cadrelor-didactice-din-invatamantul-in-limba-germana-din-romania","status":"publish","type":"post","link":"https:\/\/stiftung.saxonia.ro\/ro\/sustinerea-cadrelor-didactice-din-invatamantul-in-limba-germana-din-romania\/","title":{"rendered":"Proiectul Funda\u0163iei Saxonia &#8222;Sus\u0163inerea cadrelor didactice din \u00eenv\u0103\u0163\u0103m\u00e2ntul \u00een limba german\u0103 din Rom\u00e2nia&#8221;"},"content":{"rendered":"\n<p><strong>Scopul proiectului&nbsp;<\/strong><\/p>\n\n\n\n<p>Proiectul \u201eSus\u0163inerea cadrelor didactice din \u00eenv\u0103\u0163\u0103m\u00e2ntul \u00een limba german\u0103 din Rom\u00e2nia\u201d are ca scop reducerea deficitului de cadre didactice calificate care predau \u00een limba german\u0103 \u00een \u00eenv\u0103\u0163\u0103m\u00e2ntul de stat din Rom\u00e2nia. Se urm\u0103re\u015fte diminuarea num\u0103rului plec\u0103rilor cadrelor didactice calificate din sistem \u015fi motivarea persoanelor tinere, vorbitoare ale limbii germane, de a urma cariera didactic\u0103. La ini\u0163iativa Bundestag-ului german, acestui proiect i-au fost alocate fonduri din bugetul de stat al Republicii Federale Germania.<\/p>\n\n\n\n<p><strong>Cadrul proiectului<\/strong><\/p>\n\n\n\n<p>Sunt vizate cadre didactice de la gr\u0103dini\u0163ele\/\u015fcolile\/sec\u0163iile cu predare \u00een limba german\u0103 din sistemul de \u00eenv\u0103\u0163\u0103m\u00e2nt preuniversitar rom\u00e2nesc \u00een limbile minorit\u0103\u0163ilor na\u0163ionale. Criteriul determinant pentru ca o sec\u0163ie\/unitate de \u00eenv\u0103\u0163\u0103m\u00e2nt s\u0103 fie socotit\u0103 \u201ecu predare \u00een limba german\u0103\u201d este ca la gr\u0103dini\u0163\u0103\/ciclul primar s\u0103 fie predat\u0103 disciplina \u201eComunicare \u00een limba german\u0103 matern\u0103\u201c, respectiv la ciclul gimnazial\/liceal disciplina \u201eLimba \u015fi literatura german\u0103 ca limb\u0103 matern\u0103\u201c. La \u015fcolile respective pot fi predate \u015fi alte discipline \u00een limba german\u0103, num\u0103rul acestora nu constituie \u00eens\u0103 un criteriu pentru participarea cadrelor didactice la proiect.&nbsp;<\/p>\n\n\n\n<p><strong>\u00cen ce const\u0103 proiectul?<\/strong><\/p>\n\n\n\n<p>Cadrele didactice de gr\u0103dini\u0163\u0103\/ciclu primar\/gimnaziu\/liceu, angaja\u0163i ai statului rom\u00e2n, care predau \u00een limba german\u0103 \u00een sistemul de \u00eenv\u0103\u0163\u0103m\u00e2nt \u00een limba german\u0103 ca limb\u0103 matern\u0103, pot depune o cerere de acordare a unei indemniza\u0163ii. O condi\u0163ie este ca predarea \u00een limba german\u0103 s\u0103 se desf\u0103\u015foare la nivel de limb\u0103 matern\u0103, iar cadrul didactic s\u0103 nu beneficieze pentru activitatea de predare \u00een \u015fcoal\u0103 de alt\u0103 remunera\u0163ie dec\u00e2t salariul. Acordarea indemniza\u0163iei nu constituie un drept legal. Valoarea indemniza\u0163iei depinde de fondurile alocate acestui proiect. Deocamdat\u0103 au fost aprobate fondurile aferente anului bugetar 2026.&nbsp;<\/p>\n\n\n\n<p><strong>Modul de derulare<\/strong><\/p>\n\n\n\n<p>Cadrele didactice care doresc s\u0103 participe la proiect vor adresa o cerere scris\u0103 Funda\u0163iei Saxonia (Funda\u0163ia Saxonia, str. Caraiman nr. 32, 505400 R\u00e2\u015fnov, jud. Bra\u015fov). Date exacte despre condi\u0163iile de participare, modalitatea \u015fi termenul \u00eenaint\u0103rii cererii, se g\u0103sesc pe acest site \u00een <a href=\"https:\/\/stiftung.saxonia.ro\/projekt-der-saxonia-stiftung-foerderung-von-lehrkraeften-im-deutschsprachigen-schulwesen-rumaeniens\/\">limba german\u0103<\/a>.\u00a0<\/p>\n","protected":false},"excerpt":{"rendered":"<p>Scopul proiectului&nbsp; Proiectul \u201eSus\u0163inerea cadrelor didactice din \u00eenv\u0103\u0163\u0103m\u00e2ntul \u00een limba german\u0103 din Rom\u00e2nia\u201d are ca scop reducerea deficitului de cadre didactice calificate care predau \u00een limba german\u0103 \u00een \u00eenv\u0103\u0163\u0103m\u00e2ntul de stat din Rom\u00e2nia. Se urm\u0103re\u015fte diminuarea num\u0103rului plec\u0103rilor cadrelor didactice calificate din sistem \u015fi motivarea persoanelor tinere, vorbitoare ale limbii germane, de a urma cariera [&hellip;]<\/p>\n","protected":false},"author":1,"featured_media":0,"comment_status":"open","ping_status":"open","sticky":false,"template":"","format":"standard","meta":{"footnotes":""},"categories":[1],"tags":[],"class_list":{"0":"post-184","1":"post","2":"type-post","3":"status-publish","4":"format-standard","6":"category-unkategorisiert","7":"czr-hentry"},"_links":{"self":[{"href":"https:\/\/stiftung.saxonia.ro\/ro\/wp-json\/wp\/v2\/posts\/184"}],"collection":[{"href":"https:\/\/stiftung.saxonia.ro\/ro\/wp-json\/wp\/v2\/posts"}],"about":[{"href":"https:\/\/stiftung.saxonia.ro\/ro\/wp-json\/wp\/v2\/types\/post"}],"author":[{"embeddable":true,"href":"https:\/\/stiftung.saxonia.ro\/ro\/wp-json\/wp\/v2\/users\/1"}],"replies":[{"embeddable":true,"href":"https:\/\/stiftung.saxonia.ro\/ro\/wp-json\/wp\/v2\/comments?post=184"}],"version-history":[{"count":4,"href":"https:\/\/stiftung.saxonia.ro\/ro\/wp-json\/wp\/v2\/posts\/184\/revisions"}],"predecessor-version":[{"id":261,"href":"https:\/\/stiftung.saxonia.ro\/ro\/wp-json\/wp\/v2\/posts\/184\/revisions\/261"}],"wp:attachment":[{"href":"https:\/\/stiftung.saxonia.ro\/ro\/wp-json\/wp\/v2\/media?parent=184"}],"wp:term":[{"taxonomy":"category","embeddable":true,"href":"https:\/\/stiftung.saxonia.ro\/ro\/wp-json\/wp\/v2\/categories?post=184"},{"taxonomy":"post_tag","embeddable":true,"href":"https:\/\/stiftung.saxonia.ro\/ro\/wp-json\/wp\/v2\/tags?post=184"}],"curies":[{"name":"wp","href":"https:\/\/api.w.org\/{rel}","templated":true}]}}